{"id":1320,"date":"2026-02-02T10:00:51","date_gmt":"2026-02-02T13:00:51","guid":{"rendered":"https:\/\/ittu.com.br\/news\/?p=1320"},"modified":"2026-02-02T10:00:51","modified_gmt":"2026-02-02T13:00:51","slug":"seguro-vw-taos-2026-porto-seguro-lanca-condicao-com-taxa-fixa-exclusiva","status":"publish","type":"post","link":"https:\/\/ittu.com.br\/news\/seguro-vw-taos-2026-porto-seguro-lanca-condicao-com-taxa-fixa-exclusiva.html","title":{"rendered":"Seguro VW Taos 2026: Porto Seguro Lan\u00e7a Condi\u00e7\u00e3o com Taxa Fixa Exclusiva"},"content":{"rendered":"<p>O mercado de SUVs m\u00e9dios no Brasil acaba de ganhar um incentivo de peso para quem busca seguran\u00e7a e previsibilidade financeira. Em uma parceria estrat\u00e9gica que refor\u00e7a os la\u00e7os entre a montadora alem\u00e3 e a maior seguradora do pa\u00eds, foi lan\u00e7ada uma condi\u00e7\u00e3o diferenciada para o\u00a0<strong>Seguro VW Taos 2026<\/strong>. A iniciativa foca em oferecer uma\u00a0<strong>taxa fixa exclusiva<\/strong>, garantindo que o propriet\u00e1rio do Taos tenha acesso a uma prote\u00e7\u00e3o de alto n\u00edvel com custos otimizados. Para quem valoriza a tecnologia e o espa\u00e7o interno do SUV da Volkswagen, essa novidade torna a experi\u00eancia de posse ainda mais vantajosa, especialmente quando aliada \u00e0 consultoria especializada da\u00a0<a class=\"ittu-link\" href=\"https:\/\/ittu.com.br\/\" target=\"_blank\" rel=\"noopener\"><strong>Ittu Seguros<\/strong><\/a>.<\/p>\n<h2>A Parceria Porto Seguro e Volkswagen: Foco no Cliente Taos<\/h2>\n<p>A uni\u00e3o entre a Porto Seguro e a Volkswagen n\u00e3o \u00e9 novidade, mas em 2026 ela atinge um novo patamar de competitividade. O foco desta campanha \u00e9 o\u00a0<strong>VW Taos<\/strong>, um ve\u00edculo que se destaca pelo equil\u00edbrio entre performance, seguran\u00e7a ativa e conforto para a fam\u00edlia. A nova condi\u00e7\u00e3o de\u00a0<strong>taxa fixa<\/strong>\u00a0foi desenhada para simplificar a contrata\u00e7\u00e3o do seguro, eliminando grandes oscila\u00e7\u00f5es de pre\u00e7o baseadas apenas em perfis estat\u00edsticos gen\u00e9ricos, focando na qualidade do produto e na fidelidade \u00e0 marca.<\/p>\n<p>Essa oferta \u00e9 v\u00e1lida para ve\u00edculos 0 km (modelos 2025\/2026) e abrange todo o territ\u00f3rio nacional. \u00c9 uma oportunidade \u00fanica para quem est\u00e1 saindo da concession\u00e1ria com um Taos novo e deseja a tranquilidade de uma ap\u00f3lice robusta. Na\u00a0<strong>Ittu Seguros<\/strong>, somos especialistas em viabilizar essas condi\u00e7\u00f5es exclusivas, garantindo que voc\u00ea aproveite cada benef\u00edcio dessa parceria com um atendimento humanizado e \u00e1gil.<\/p>\n<h2>Detalhes da Condi\u00e7\u00e3o Exclusiva: O que est\u00e1 Incluso?<\/h2>\n<p>A campanha de\u00a0<strong>taxa fixa para o VW Taos<\/strong>\u00a0n\u00e3o economiza em prote\u00e7\u00e3o. A ap\u00f3lice oferecida pela Porto Seguro contempla coberturas abrangentes que garantem a integridade do seu patrim\u00f4nio em diversas situa\u00e7\u00f5es. Diferente de seguros simplificados, aqui o cliente conta com a solidez de uma cobertura compreensiva (Casco 100% FIPE), essencial para um SUV deste porte.<\/p>\n<p>Al\u00e9m da taxa diferenciada, o produto inclui diferenciais importantes como assist\u00eancia 24h essencial gratuita, carro reserva por 15 dias e uma cobertura de Responsabilidade Civil Facultativa (RCF) de R$ 150.000,00 para danos materiais e corporais. \u00c9 um pacote completo que visa proteger n\u00e3o apenas o ve\u00edculo, mas tamb\u00e9m o bolso do segurado contra danos a terceiros. Vale lembrar que a inclus\u00e3o de coberturas adicionais ou a altera\u00e7\u00e3o de cl\u00e1usulas pode influenciar na taxa fixa, por isso a orienta\u00e7\u00e3o da\u00a0<strong>Ittu Seguros<\/strong>\u00a0\u00e9 fundamental para personalizar sua ap\u00f3lice sem perder as vantagens da campanha.<\/p>\n<div class=\"destaque\">\n<h3>Resumo das Condi\u00e7\u00f5es de Elegibilidade (Campanha 2026)<\/h3>\n<table>\n<thead>\n<tr>\n<th>Item<\/th>\n<th>Regra de Elegibilidade<\/th>\n<\/tr>\n<\/thead>\n<tbody>\n<tr>\n<td><strong>Ve\u00edculo<\/strong><\/td>\n<td>Volkswagen Taos (0 km)<\/td>\n<\/tr>\n<tr>\n<td><strong>Ano\/Modelo<\/strong><\/td>\n<td>2025\/2026<\/td>\n<\/tr>\n<tr>\n<td><strong>Uso do Ve\u00edculo<\/strong><\/td>\n<td>Exclusivamente Particular (Pessoa F\u00edsica ou Jur\u00eddica)<\/td>\n<\/tr>\n<tr>\n<td><strong>Vig\u00eancia<\/strong><\/td>\n<td>12 meses (01 ano)<\/td>\n<\/tr>\n<tr>\n<td><strong>Abrang\u00eancia<\/strong><\/td>\n<td>Nacional<\/td>\n<\/tr>\n<\/tbody>\n<\/table>\n<p><em>*Condi\u00e7\u00e3o v\u00e1lida para propostas transmitidas at\u00e9 30\/04\/2026. Sujeito a an\u00e1lise de perfil da seguradora.<\/em><\/p>\n<\/div>\n<h2>Por que o VW Taos \u00e9 um SUV que Merece Prote\u00e7\u00e3o Especial?<\/h2>\n<p>O\u00a0<strong>VW Taos<\/strong>\u00a0consolidou-se como um dos SUVs mais seguros da categoria, ostentando nota m\u00e1xima nos testes de colis\u00e3o. Equipado com o motor 250 TSI de 150 cv e 25,5 kgfm de torque, ele oferece uma condu\u00e7\u00e3o prazerosa e eficiente. No entanto, toda a tecnologia embarcada \u2014 como o sistema de frenagem aut\u00f4noma, o controle de cruzeiro adaptativo (ACC) e os far\u00f3is IQ.Light \u2014 possui um custo de reposi\u00e7\u00e3o elevado.<\/p>\n<p>Ter um\u00a0<strong>seguro Porto Seguro<\/strong>\u00a0com taxa fixa significa que, em caso de qualquer incidente, voc\u00ea ter\u00e1 a garantia de reparo em oficinas referenciadas com pe\u00e7as originais, preservando a garantia de f\u00e1brica e a performance do seu Volkswagen. Na\u00a0<strong>Ittu Seguros<\/strong>, entendemos que o Taos \u00e9 mais que um carro; \u00e9 o transporte da sua fam\u00edlia, e por isso tratamos cada cota\u00e7\u00e3o com o m\u00e1ximo de seriedade e transpar\u00eancia.<\/p>\n<h3>Fatores que Influenciam no Seguro do Taos<\/h3>\n<p>Embora a campanha ofere\u00e7a uma taxa fixa, alguns elementos do perfil do segurado ainda s\u00e3o considerados para a aceita\u00e7\u00e3o do risco. \u00c9 importante estar atento a esses detalhes para garantir que sua ap\u00f3lice seja emitida sem problemas.<\/p>\n<table class=\"tabela-seguro\">\n<thead>\n<tr>\n<th>Fator<\/th>\n<th>Impacto na Aceita\u00e7\u00e3o<\/th>\n<th>Observa\u00e7\u00e3o<\/th>\n<\/tr>\n<\/thead>\n<tbody>\n<tr>\n<td><strong>Atividade Remunerada<\/strong><\/td>\n<td>Restritivo<\/td>\n<td>A campanha n\u00e3o \u00e9 v\u00e1lida para motoristas de aplicativos ou transporte de passageiros.<\/td>\n<\/tr>\n<tr>\n<td><strong>Hist\u00f3rico de B\u00f4nus<\/strong><\/td>\n<td>Positivo<\/td>\n<td>Renova\u00e7\u00f5es de outras seguradoras podem manter sua classe de b\u00f4nus na Porto.<\/td>\n<\/tr>\n<tr>\n<td><strong>Local de Pernoite<\/strong><\/td>\n<td>Vari\u00e1vel<\/td>\n<td>O CEP de circula\u00e7\u00e3o \u00e9 fundamental para a an\u00e1lise de risco da seguradora.<\/td>\n<\/tr>\n<tr>\n<td><strong>Franquia<\/strong><\/td>\n<td>Flex\u00edvel<\/td>\n<td>Possibilidade de contrata\u00e7\u00e3o de franquia 50% com taxa diferenciada.<\/td>\n<\/tr>\n<\/tbody>\n<\/table>\n<div class=\"curiosidade\"><strong>Dica de Especialista:<\/strong>\u00a0A campanha de taxa fixa \u00e9 uma excelente oportunidade para jovens condutores ou pessoas que moram em regi\u00f5es com seguros tradicionalmente caros, pois a taxa nivelada tende a ser muito mais vantajosa que o c\u00e1lculo de perfil padr\u00e3o.<\/div>\n<h2>Ittu Seguros: Sua Parceira na Prote\u00e7\u00e3o do seu Volkswagen<\/h2>\n<p>Contratar o\u00a0<strong>seguro do seu VW Taos<\/strong>\u00a0com a\u00a0<a class=\"ittu-link\" href=\"https:\/\/ittu.com.br\/\" target=\"_blank\" rel=\"noopener\"><strong>Ittu Seguros<\/strong><\/a>\u00a0\u00e9 ter a certeza de que voc\u00ea est\u00e1 fazendo o melhor neg\u00f3cio. Como especialistas em ve\u00edculos premium e parceiros estrat\u00e9gicos da Porto Seguro, temos acesso direto \u00e0s melhores condi\u00e7\u00f5es da campanha e podemos simular online para voc\u00ea em poucos minutos.<\/p>\n<p>Nosso\u00a0<strong>atendimento humanizado<\/strong>\u00a0foca em entender suas necessidades reais. Se voc\u00ea precisa de uma cobertura maior para danos a terceiros ou deseja incluir prote\u00e7\u00e3o para vidros e retrovisores, nossa equipe est\u00e1 pronta para ajustar a proposta mantendo a competitividade da taxa fixa. Na Ittu, voc\u00ea n\u00e3o \u00e9 apenas mais um n\u00famero de ap\u00f3lice; voc\u00ea \u00e9 um cliente que merece o melhor da prote\u00e7\u00e3o veicular no Brasil.<\/p>\n<h2>Aproveite a Oportunidade para seu Taos 2026<\/h2>\n<p>A condi\u00e7\u00e3o de <strong>taxa fixa da Porto Seguro para o VW Taos 2026<\/strong>\u00a0\u00e9 um marco de competitividade no setor. Unir a robustez de um SUV Volkswagen com a seguran\u00e7a da maior seguradora do pa\u00eds, sob uma condi\u00e7\u00e3o financeira exclusiva, \u00e9 a escolha inteligente para o consumidor consciente. N\u00e3o deixe para depois, pois as condi\u00e7\u00f5es especiais t\u00eam prazo limitado e s\u00e3o voltadas para quem busca o m\u00e1ximo de prote\u00e7\u00e3o com o melhor custo-benef\u00edcio.<\/p>\n<p>Proteja seu investimento e garanta a tranquilidade da sua fam\u00edlia. Entre em contato com a\u00a0<a class=\"ittu-link\" href=\"https:\/\/ittu.com.br\/\" target=\"_blank\" rel=\"noopener\"><strong>Ittu Seguros<\/strong><\/a>\u00a0hoje mesmo, fa\u00e7a sua\u00a0<strong>simula\u00e7\u00e3o online sem compromisso<\/strong>\u00a0e descubra como \u00e9 f\u00e1cil garantir o melhor seguro para o seu VW Taos. Estamos prontos para atender voc\u00ea com a excel\u00eancia que seu novo SUV exige. Conte com a Ittu!<\/p>\n","protected":false},"excerpt":{"rendered":"<p>O mercado de SUVs m\u00e9dios no Brasil acaba de ganhar um incentivo de peso para quem busca seguran\u00e7a e previsibilidade financeira. Em uma parceria estrat\u00e9gica que refor\u00e7a os la\u00e7os entre a montadora alem\u00e3 e a maior seguradora do pa\u00eds, foi lan\u00e7ada uma condi\u00e7\u00e3o diferenciada para o\u00a0Seguro VW Taos 2026. A iniciativa foca em oferecer uma\u00a0taxa [&hellip;]<\/p>\n","protected":false},"author":1,"featured_media":1321,"comment_status":"open","ping_status":"open","sticky":false,"template":"","format":"standard","meta":{"_jetpack_memberships_contains_paid_content":false,"footnotes":""},"categories":[2],"tags":[],"class_list":["post-1320","post","type-post","status-publish","format-standard","has-post-thumbnail","hentry","category-auto"],"jetpack_featured_media_url":"https:\/\/i0.wp.com\/ittu.com.br\/news\/wp-content\/uploads\/2026\/02\/2230558_-_header_col.png.webp?fit=931%2C580&ssl=1","jetpack_sharing_enabled":true,"_links":{"self":[{"href":"https:\/\/ittu.com.br\/news\/wp-json\/wp\/v2\/posts\/1320","targetHints":{"allow":["GET"]}}],"collection":[{"href":"https:\/\/ittu.com.br\/news\/wp-json\/wp\/v2\/posts"}],"about":[{"href":"https:\/\/ittu.com.br\/news\/wp-json\/wp\/v2\/types\/post"}],"author":[{"embeddable":true,"href":"https:\/\/ittu.com.br\/news\/wp-json\/wp\/v2\/users\/1"}],"replies":[{"embeddable":true,"href":"https:\/\/ittu.com.br\/news\/wp-json\/wp\/v2\/comments?post=1320"}],"version-history":[{"count":2,"href":"https:\/\/ittu.com.br\/news\/wp-json\/wp\/v2\/posts\/1320\/revisions"}],"predecessor-version":[{"id":1323,"href":"https:\/\/ittu.com.br\/news\/wp-json\/wp\/v2\/posts\/1320\/revisions\/1323"}],"wp:featuredmedia":[{"embeddable":true,"href":"https:\/\/ittu.com.br\/news\/wp-json\/wp\/v2\/media\/1321"}],"wp:attachment":[{"href":"https:\/\/ittu.com.br\/news\/wp-json\/wp\/v2\/media?parent=1320"}],"wp:term":[{"taxonomy":"category","embeddable":true,"href":"https:\/\/ittu.com.br\/news\/wp-json\/wp\/v2\/categories?post=1320"},{"taxonomy":"post_tag","embeddable":true,"href":"https:\/\/ittu.com.br\/news\/wp-json\/wp\/v2\/tags?post=1320"}],"curies":[{"name":"wp","href":"https:\/\/api.w.org\/{rel}","templated":true}]}}